{"id":320,"date":"2023-06-18T14:11:33","date_gmt":"2023-06-18T12:11:33","guid":{"rendered":"https:\/\/marybreizh.fr\/index.php\/2023\/06\/18\/les-turbans-bebe-un-accessoire-tendance-pour-proteger-et-sublimer\/"},"modified":"2023-06-19T08:49:31","modified_gmt":"2023-06-19T06:49:31","slug":"les-turbans-bebe-un-accessoire-tendance-pour-proteger-et-sublimer","status":"publish","type":"post","link":"https:\/\/marybreizh.fr\/index.php\/2023\/06\/18\/les-turbans-bebe-un-accessoire-tendance-pour-proteger-et-sublimer\/","title":{"rendered":"Les Turbans B\u00e9b\u00e9 : Un Accessoire Tendance pour Prot\u00e9ger et Sublimer"},"content":{"rendered":"<h2><em>Pourquoi opter pour un turban b\u00e9b\u00e9 pour la protection de votre enfant ?<\/em><\/h2>\n<p>Lorsqu&rsquo;il s&rsquo;agit de prot\u00e9ger votre b\u00e9b\u00e9 des \u00e9l\u00e9ments ext\u00e9rieurs, les <a title=\"Turban b\u00e9b\u00e9\" href=\"https:\/\/turban-bebe.com\/\"><strong>turbans pour b\u00e9b\u00e9<\/strong><\/a> sont un choix judicieux. Ces adorables <strong>bandeaux en tissu<\/strong> offrent une couverture suppl\u00e9mentaire pour la t\u00eate sensible de votre enfant.<\/p>\n<p>Les turbans b\u00e9b\u00e9 sont particuli\u00e8rement utiles pour prot\u00e9ger la peau d\u00e9licate du visage des rayons UV. Que ce soit pendant une journ\u00e9e ensoleill\u00e9e au parc ou une promenade en famille, vous pouvez avoir l&rsquo;esprit tranquille en sachant que votre b\u00e9b\u00e9 est prot\u00e9g\u00e9 des effets nocifs du soleil.<\/p>\n<h2><em>Sublimez le style de votre b\u00e9b\u00e9 avec des turbans tendance<\/em><\/h2>\n<p>Outre leur fonctionnalit\u00e9, les turbans b\u00e9b\u00e9 sont \u00e9galement devenus un <strong>accessoire de mode incontournable<\/strong>. Disponibles dans une vari\u00e9t\u00e9 de couleurs, de motifs et de textures, ils permettent de cr\u00e9er des looks tendance et originaux pour votre b\u00e9b\u00e9.<\/p>\n<p>Que vous recherchiez un turban assorti \u00e0 une tenue sp\u00e9cifique ou que vous souhaitiez simplement ajouter une touche de style \u00e0 la tenue de votre b\u00e9b\u00e9, les turbans sont un choix parfait. Ils apportent une dose d&rsquo;originalit\u00e9 et font ressortir le charme unique de votre enfant.<\/p>\n<h2><em>Confort et praticit\u00e9 pour votre b\u00e9b\u00e9 et vous<\/em><\/h2>\n<p>Les turbans b\u00e9b\u00e9 ne se limitent pas \u00e0 leur aspect esth\u00e9tique, ils offrent \u00e9galement un confort exceptionnel. Le tissu doux et extensible des turbans garantit que votre b\u00e9b\u00e9 se sentira \u00e0 l&rsquo;aise tout au long de la journ\u00e9e.<\/p>\n<p>De plus, les turbans b\u00e9b\u00e9 sont faciles \u00e0 mettre et \u00e0 enlever. Gr\u00e2ce \u00e0 leur conception \u00e9lastique, ils s&rsquo;adaptent parfaitement \u00e0 la taille de la t\u00eate de votre enfant. Cela signifie que vous pouvez les changer rapidement et sans effort, que ce soit pour une sortie en famille ou pour un changement de tenue.<\/p>\n<h2><em>Les avantages des turbans b\u00e9b\u00e9<\/em><\/h2>\n<ul>\n<li>Protection efficace contre les rayons UV pour la peau d\u00e9licate du visage de votre b\u00e9b\u00e9.<\/li>\n<li>Sublimez le style de votre enfant avec une vari\u00e9t\u00e9 de couleurs, de motifs et de textures disponibles.<\/li>\n<li>Confort optimal gr\u00e2ce au tissu doux et extensible des turbans b\u00e9b\u00e9.<\/li>\n<li>Faciles \u00e0 mettre et \u00e0 enlever, offrant praticit\u00e9 pour les parents occup\u00e9s.<\/li>\n<\/ul>\n<p>En r\u00e9sum\u00e9, les turbans b\u00e9b\u00e9 sont \u00e0 la fois fonctionnels et esth\u00e9tiques. Ils prot\u00e8gent la t\u00eate de votre b\u00e9b\u00e9 des \u00e9l\u00e9ments ext\u00e9rieurs tout en ajoutant une touche de style \u00e0 ses tenues. Avec leur confort et leur facilit\u00e9 d&rsquo;utilisation, les turbans b\u00e9b\u00e9 sont un choix id\u00e9al pour les parents soucieux du bien-\u00eatre et du style de leur enfant.<\/p>\n","protected":false},"excerpt":{"rendered":"<p>Pourquoi opter pour un turban b\u00e9b\u00e9 pour la protection de votre enfant ? Lorsqu&rsquo;il s&rsquo;agit de prot\u00e9ger votre b\u00e9b\u00e9 des&#8230;<\/p>\n","protected":false},"author":1,"featured_media":323,"comment_status":"open","ping_status":"open","sticky":false,"template":"","format":"standard","meta":{"footnotes":""},"categories":[2],"tags":[],"class_list":["post-320","post","type-post","status-publish","format-standard","has-post-thumbnail","hentry","category-vie-de-maman"],"_links":{"self":[{"href":"https:\/\/marybreizh.fr\/index.php\/wp-json\/wp\/v2\/posts\/320"}],"collection":[{"href":"https:\/\/marybreizh.fr\/index.php\/wp-json\/wp\/v2\/posts"}],"about":[{"href":"https:\/\/marybreizh.fr\/index.php\/wp-json\/wp\/v2\/types\/post"}],"author":[{"embeddable":true,"href":"https:\/\/marybreizh.fr\/index.php\/wp-json\/wp\/v2\/users\/1"}],"replies":[{"embeddable":true,"href":"https:\/\/marybreizh.fr\/index.php\/wp-json\/wp\/v2\/comments?post=320"}],"version-history":[{"count":2,"href":"https:\/\/marybreizh.fr\/index.php\/wp-json\/wp\/v2\/posts\/320\/revisions"}],"predecessor-version":[{"id":324,"href":"https:\/\/marybreizh.fr\/index.php\/wp-json\/wp\/v2\/posts\/320\/revisions\/324"}],"wp:featuredmedia":[{"embeddable":true,"href":"https:\/\/marybreizh.fr\/index.php\/wp-json\/wp\/v2\/media\/323"}],"wp:attachment":[{"href":"https:\/\/marybreizh.fr\/index.php\/wp-json\/wp\/v2\/media?parent=320"}],"wp:term":[{"taxonomy":"category","embeddable":true,"href":"https:\/\/marybreizh.fr\/index.php\/wp-json\/wp\/v2\/categories?post=320"},{"taxonomy":"post_tag","embeddable":true,"href":"https:\/\/marybreizh.fr\/index.php\/wp-json\/wp\/v2\/tags?post=320"}],"curies":[{"name":"wp","href":"https:\/\/api.w.org\/{rel}","templated":true}]}}